{"id":5486,"date":"2026-03-08T19:16:04","date_gmt":"2026-03-08T22:16:04","guid":{"rendered":"https:\/\/noticiascpb.com.ar\/?p=5486"},"modified":"2026-03-08T19:16:23","modified_gmt":"2026-03-08T22:16:23","slug":"mayra-mientras-cristina-esta-presa-milei-destruye-la-argentina","status":"publish","type":"post","link":"https:\/\/noticiascpb.com.ar\/?p=5486","title":{"rendered":"Mayra: &#8220;Mientras Cristina est\u00e1 presa, Milei destruye la Argentina&#8221;"},"content":{"rendered":"\n<p>La diputada provincial e intendenta de Quilmes en uso de licencia, Mayra Mendoza, particip\u00f3 este domingo de la marcha \u201c8M en las Calles&#8221;, que se llev\u00f3 adelante en la localidad de Copacabana, R\u00edo de Janeiro, Brasil, en el marco del D\u00eda Internacional de la Mujer, donde frente a miles de manifestantes, volvi\u00f3 a exigir por la libertad de la expresidenta de la Naci\u00f3n, Cristina Fern\u00e1ndez de Kirchner.<\/p>\n\n\n\n<p>&#8220;Le tienen miedo a las mujeres sin miedo. Por eso en la Argentina estamos viviendo lo mismo que ha sucedido aqu\u00ed en Brasil, con Lula. Mientras Cristina est\u00e1 presa, Milei destruyen la Argentina\u201d, sostuvo Mayra, y remarc\u00f3 que \u201cla proscripci\u00f3n es parte del mismo plan. Frenar a Milei es recuperar la democracia y, necesitamos a Cristina en libertad para recuperar el pa\u00eds de la destrucci\u00f3n\u201d.&nbsp;<\/p>\n\n\n\n<p>\u201cPara recuperar a nuestro pa\u00eds les pido solidaridad compa\u00f1eras y hermanas de lucha. Queremos a Cristina y la queremos libre. \u00a1Cristina libre! Gracias compa\u00f1eras hermanas, de coraz\u00f3n&#8221;, afirm\u00f3 Mayra.&nbsp;<\/p>\n\n\n\n<p>Mayra Mendoza comenz\u00f3 su agenda en Brasil el pasado jueves, donde particip\u00f3 del encuentro organizado por el gobierno de la ciudad de Niteroi, la Red Mercociudades y la CAF-Banco de Desarrollo de Am\u00e9rica Latina y el Caribe, y busca gestionar financiamiento internacional para llevar adelante las obras del Plan H\u00eddrico Social Ambiental de la Cuenca de los Arroyos San Francisco-Las Piedras, una demanda hist\u00f3rica que va a solucionar la vida de m\u00e1s de 100 mil vecinos y vecinas que habitan la zona oeste de Quilmes.<\/p>\n\n\n\n<p>Adem\u00e1s, mantuvo una reuni\u00f3n bilateral con el prefecto (intendente) de Niteroi, Rodrigo Neves, y otras autoridades locales; realiz\u00f3 una visita t\u00e9cnica a espacios educativos de la citada ciudad, y se reuni\u00f3 con mujeres que integran el Partido de los Trabajadores (PT) para intercambiar visiones sobre agenda y contexto regional, adem\u00e1s de exigir la liberaci\u00f3n de Cristina Fern\u00e1ndez de Kirchner.<\/p>\n\n\n\n<p>En tanto, Mayra, que ocupa el cargo de vicepresidenta de Gobernanza e Integraci\u00f3n de Mercociudades, tambi\u00e9n estuvo presente en la reuni\u00f3n general, donde se dio impulso a la campa\u00f1a comunicacional de Mercociudades por DDHH, en el marco de los 50 a\u00f1os del Golpe de Estado en Argentina; a la vez promover regionalmente la campa\u00f1a internacional Cristina Libre; y manifestar el inter\u00e9s de Quilmes en participar activamente en los encuentros y espacios de di\u00e1logo directo con organismos multilaterales y bancas de desarrollo internacional en la b\u00fasqueda de financiamiento.<\/p>\n","protected":false},"excerpt":{"rendered":"<p>La diputada provincial e intendenta de Quilmes en uso de licencia, Mayra Mendoza, particip\u00f3 este<\/p>\n","protected":false},"author":2,"featured_media":5485,"comment_status":"closed","ping_status":"","sticky":false,"template":"","format":"standard","meta":{"footnotes":""},"categories":[37,4,62],"tags":[],"class_list":["post-5486","post","type-post","status-publish","format-standard","has-post-thumbnail","hentry","category-destacados","category-politica","category-quilmes"],"_links":{"self":[{"href":"https:\/\/noticiascpb.com.ar\/index.php?rest_route=\/wp\/v2\/posts\/5486","targetHints":{"allow":["GET"]}}],"collection":[{"href":"https:\/\/noticiascpb.com.ar\/index.php?rest_route=\/wp\/v2\/posts"}],"about":[{"href":"https:\/\/noticiascpb.com.ar\/index.php?rest_route=\/wp\/v2\/types\/post"}],"author":[{"embeddable":true,"href":"https:\/\/noticiascpb.com.ar\/index.php?rest_route=\/wp\/v2\/users\/2"}],"replies":[{"embeddable":true,"href":"https:\/\/noticiascpb.com.ar\/index.php?rest_route=%2Fwp%2Fv2%2Fcomments&post=5486"}],"version-history":[{"count":1,"href":"https:\/\/noticiascpb.com.ar\/index.php?rest_route=\/wp\/v2\/posts\/5486\/revisions"}],"predecessor-version":[{"id":5487,"href":"https:\/\/noticiascpb.com.ar\/index.php?rest_route=\/wp\/v2\/posts\/5486\/revisions\/5487"}],"wp:featuredmedia":[{"embeddable":true,"href":"https:\/\/noticiascpb.com.ar\/index.php?rest_route=\/wp\/v2\/media\/5485"}],"wp:attachment":[{"href":"https:\/\/noticiascpb.com.ar\/index.php?rest_route=%2Fwp%2Fv2%2Fmedia&parent=5486"}],"wp:term":[{"taxonomy":"category","embeddable":true,"href":"https:\/\/noticiascpb.com.ar\/index.php?rest_route=%2Fwp%2Fv2%2Fcategories&post=5486"},{"taxonomy":"post_tag","embeddable":true,"href":"https:\/\/noticiascpb.com.ar\/index.php?rest_route=%2Fwp%2Fv2%2Ftags&post=5486"}],"curies":[{"name":"wp","href":"https:\/\/api.w.org\/{rel}","templated":true}]}}