{"id":5489,"date":"2026-03-09T15:20:37","date_gmt":"2026-03-09T18:20:37","guid":{"rendered":"https:\/\/noticiascpb.com.ar\/?p=5489"},"modified":"2026-03-09T15:20:53","modified_gmt":"2026-03-09T18:20:53","slug":"mayra-cristina-tiene-que-estar-libre-porque-es-inocente-y-para-poder-frenar-a-milei","status":"publish","type":"post","link":"https:\/\/noticiascpb.com.ar\/?p=5489","title":{"rendered":"Mayra: &#8220;Cristina tiene que estar libre porque es inocente y para poder frenar a Milei&#8221;"},"content":{"rendered":"\n<p>La diputada provincial e intendenta de Quilmes en uso de licencia, Mayra Mendoza, realiz\u00f3 este lunes declaraciones radiales en AM 530 sobre distintos aspectos, entre los que se destacan la proscripci\u00f3n de Cristina Fern\u00e1ndez de Kirchner, el paro docente en la provincia de Buenos Aires, las obras h\u00eddricas en la cuenca de los arroyos San Francisco-Las Piedras, en la zona oeste del distrito, y el rol de la mujer, en el marco del 8M, entre otros temas.<\/p>\n\n\n\n<p>\u201cLo que nos atraviesa en la vida, y este es el primer 8M sin Cristina entre nosotras, con ella privada de su libertad, y secuestrada por el poder. Proscripta e inhabilitada. A m\u00ed me gusta ponerlo en esos t\u00e9rminos, Cristina est\u00e1 secuestrada hoy por el poder, y por supuesto proscripta porque la quieren fuera de la cancha, porque a pesar de la demonizaci\u00f3n que se ha hecho sobre ella, es quien tiene uno de los caudales electorales m\u00e1s altos en la Argentina. Como militantes seguimos planteando que es necesaria la libertad de Cristina y que no podemos normalizar que est\u00e9 presa\u201d.<\/p>\n\n\n\n<p>\u201cMe parece que es un da\u00f1o muy grande a la pol\u00edtica y a la democracia de la Argentina, por eso siempre espero m\u00e1s solidaridad de los compa\u00f1eros. Y en este 8M, gran parte del feminismo popular ha decidido que la consigna es 8M Cristina libre, porque sin Cristina en libertad tampoco es posible recuperar la Argentina. Cristina en s\u00ed misma es un proyecto de gobierno, es un proyecto de pa\u00eds. Nadie, nadie en este pa\u00eds tiene la capacidad, la formaci\u00f3n y la experiencia de Cristina para poder resolver o recuperar las capacidades que se est\u00e1n da\u00f1ando todos los d\u00edas en nuestra Argentina, para devolver un poco de lo que necesita la gente\u201d.<\/p>\n\n\n\n<p>\u201cCristina tiene que estar libre porque es inocente y para poder frenar a Milei; y para que el peronismo tenga un destino. Esta es mi mirada y creo que objetivamente, m\u00e1s all\u00e1 de la mafia judicial, de la persecuci\u00f3n y de lo injusto, de las condenas y de los juicios, creo que si la dirigencia pol\u00edtica del peronismo no puede tomar conciencia de que Cristina en libertad no es un pedido aislado ni es una frase rom\u00e1ntica, ni es de un sector, sino que tiene que ver con la representaci\u00f3n del pueblo argentino, un porcentaje alto de nuestra poblaci\u00f3n que quiere elegirla y no puede\u201d.<\/p>\n\n\n\n<p>\u201cLa Educaci\u00f3n es un desaf\u00edo que vamos a asumir, pero con muchas ganas, porque viniendo de la experiencia de la gesti\u00f3n y tener, obviamente, el d\u00eda a d\u00eda de lo que es la Secretar\u00eda de Educaci\u00f3n de un municipio, los establecimientos educativos de diferentes niveles, los jardines municipales, y el contacto y mucha charla con docentes y dem\u00e1s, me hace ver una realidad que creo que debemos abordar para mejorar, sin duda, el sistema educativo\u201d.<\/p>\n\n\n\n<p>\u201cTenemos que volver a vincular a los ni\u00f1os y a las familias con la escuela, que tengan ganas de ir al colegio, al menos como nos pasaba a nosotras, que el primer d\u00eda de clase sea un d\u00eda importante. Hay datos que indican que se pueden plantear pol\u00edticas p\u00fablicas o algunas iniciativas legislativas, que ya las contar\u00e9 m\u00e1s adelante, que nos den la posibilidad de mejorar la escuela. De pensar tambi\u00e9n una nueva escuela sin perjudicar a ning\u00fan trabajador\u201d.<\/p>\n\n\n\n<p>\u201cLa provincia de Buenos Aires, en t\u00e9rminos objetivos, es el 40% de la poblaci\u00f3n y tambi\u00e9n del electorado, es muy importante tambi\u00e9n para definir un proyecto de pa\u00eds. Por eso, pensar la provincia sin pensar un contexto nacional, no tiene sentido, porque es desde el nadie se salva solo, hasta una provincia no se salva sola. Tenemos que reconstruir un proyecto nacional. Podemos mostrar que hay capacidades para poder sostenerse, pero si vos no ten\u00e9s un proyecto nacional que piense y que cumpla con la responsabilidad de cada una de las provincias, es muy dif\u00edcil\u201d.<\/p>\n\n\n\n<p>\u201cHoy, el gobierno de Milei est\u00e1 asfixiando a la PBA y la deuda entre todo lo que no est\u00e1 cumpliendo, pero particularmente, por ejemplo, en obras p\u00fablicas y dem\u00e1s, son 14,6 casi 15 billones. Entonces, sin ese recurso presupuestario que la provincia necesita, es muy dif\u00edcil y hay mucho para mejorar, pero tambi\u00e9n hay mucho por recuperar y que reclamar\u201d.<\/p>\n\n\n\n<p>\u201cEntonces, como diputada provincial, como intendenta en uso de licencia, porque no dejo de pensar c\u00f3mo hacemos para abordar los problemas de Quilmes, nos damos diferentes alternativas o nos ponemos creativos para buscar fondos. Por ejemplo, lo que fui a hacer a Brasil estos d\u00edas es a un encuentro de Mercociudades, a una reuni\u00f3n con la CAF, que es la Comisi\u00f3n Andina de Fomento, que financia muchos proyectos de obras, pero que necesita tambi\u00e9n aprobaci\u00f3n del gobierno nacional para que lleguen los fondos a provincia y que podamos finalmente hacer algo que necesitamos mucho en Quilmes y tambi\u00e9n en Varela, Almirante Brown, Avellaneda, Presidente Per\u00f3n, que son las obras de los arroyos. El Plan H\u00eddrico Social Ambiental de la Cuenca de los Arroyos San Francisco-Las Piedras es fundamental para pensar la provincia de Buenos Aires o si quer\u00e9s, el conurbano y las deudas que tenemos con nuestros habitantes\u201d.<\/p>\n","protected":false},"excerpt":{"rendered":"<p>La diputada provincial e intendenta de Quilmes en uso de licencia, Mayra Mendoza, realiz\u00f3 este<\/p>\n","protected":false},"author":2,"featured_media":5488,"comment_status":"closed","ping_status":"","sticky":false,"template":"","format":"standard","meta":{"footnotes":""},"categories":[37,4,62],"tags":[],"class_list":["post-5489","post","type-post","status-publish","format-standard","has-post-thumbnail","hentry","category-destacados","category-politica","category-quilmes"],"_links":{"self":[{"href":"https:\/\/noticiascpb.com.ar\/index.php?rest_route=\/wp\/v2\/posts\/5489","targetHints":{"allow":["GET"]}}],"collection":[{"href":"https:\/\/noticiascpb.com.ar\/index.php?rest_route=\/wp\/v2\/posts"}],"about":[{"href":"https:\/\/noticiascpb.com.ar\/index.php?rest_route=\/wp\/v2\/types\/post"}],"author":[{"embeddable":true,"href":"https:\/\/noticiascpb.com.ar\/index.php?rest_route=\/wp\/v2\/users\/2"}],"replies":[{"embeddable":true,"href":"https:\/\/noticiascpb.com.ar\/index.php?rest_route=%2Fwp%2Fv2%2Fcomments&post=5489"}],"version-history":[{"count":1,"href":"https:\/\/noticiascpb.com.ar\/index.php?rest_route=\/wp\/v2\/posts\/5489\/revisions"}],"predecessor-version":[{"id":5490,"href":"https:\/\/noticiascpb.com.ar\/index.php?rest_route=\/wp\/v2\/posts\/5489\/revisions\/5490"}],"wp:featuredmedia":[{"embeddable":true,"href":"https:\/\/noticiascpb.com.ar\/index.php?rest_route=\/wp\/v2\/media\/5488"}],"wp:attachment":[{"href":"https:\/\/noticiascpb.com.ar\/index.php?rest_route=%2Fwp%2Fv2%2Fmedia&parent=5489"}],"wp:term":[{"taxonomy":"category","embeddable":true,"href":"https:\/\/noticiascpb.com.ar\/index.php?rest_route=%2Fwp%2Fv2%2Fcategories&post=5489"},{"taxonomy":"post_tag","embeddable":true,"href":"https:\/\/noticiascpb.com.ar\/index.php?rest_route=%2Fwp%2Fv2%2Ftags&post=5489"}],"curies":[{"name":"wp","href":"https:\/\/api.w.org\/{rel}","templated":true}]}}