{"id":5500,"date":"2026-03-10T17:06:54","date_gmt":"2026-03-10T20:06:54","guid":{"rendered":"https:\/\/noticiascpb.com.ar\/?p=5500"},"modified":"2026-03-10T17:07:21","modified_gmt":"2026-03-10T20:07:21","slug":"mayra-mendoza-y-damian-selci-recorrieron-la-fabrica-expo-color-en-hurlingham","status":"publish","type":"post","link":"https:\/\/noticiascpb.com.ar\/?p=5500","title":{"rendered":"Mayra Mendoza y Dami\u00e1n Selci recorrieron la f\u00e1brica Expo Color en Hurlingham"},"content":{"rendered":"\n<p><em>La diputada bonaerense y el intendente visitaron la hist\u00f3rica empresa del sector qu\u00edmico-industrial en un contexto de crisis productiva y cierre de f\u00e1bricas en distintos puntos del pa\u00eds. Durante la recorrida dialogaron con empresarios y trabajadores de Expo Color, una firma con m\u00e1s de 35 a\u00f1os en el polo industrial de Hurlingham.<\/em><\/p>\n\n\n\n<p>La diputada bonaerense Mayra Mendoza y el intendente de Hurlingham Dami\u00e1n Selci recorrieron la f\u00e1brica Expo Color, ubicada en el distrito, donde mantuvieron un encuentro con su due\u00f1o, Fernando Campi, para conocer de primera mano la situaci\u00f3n que atraviesan las peque\u00f1as y medianas empresas. La visita se da en un contexto econ\u00f3mico desafiante para el sector productivo, con ca\u00eddas de la actividad y cierres de empresas en todo el pa\u00eds.<\/p>\n\n\n\n<p>Durante la visita, Mayra Mendoza afirm\u00f3: \u201cVinimos a visitar Expo Color en Hurlingham, una f\u00e1brica de pinturas para muebles, es decir, una f\u00e1brica de la industria para la industria, de gran importancia para la comunidad. Estuvimos charlando con Fernando, para que nos cuente un poco la situaci\u00f3n de la empresa en este contexto tan dif\u00edcil\u201d. Y agreg\u00f3 que \u201cArgentina sufre una crisis productiva y de empleo por las pol\u00edticas de Javier Milei. Por eso, es fundamental que nos hagamos cargo desde nuestros lugares de responsabilidad para articular y acompa\u00f1arnos en el objetivo de cuidar el trabajo argentino\u201d.<\/p>\n\n\n\n<p>Por su parte, Selci se\u00f1al\u00f3: \u201cF\u00e1bricas como esta, tan importantes para Hurlingham, que le da trabajo a 40 vecinos, hoy est\u00e1n haciendo malabares para llevar adelante su negocio cotidiano. Todav\u00eda hoy tienen que estar pel\u00e9andola, tratando con mucho entusiasmo de salir adelante, en el peor de los contextos, con un gobierno que no cuida a la industria nacional\u201d.<\/p>\n\n\n\n<p>Expo Color es una empresa especializada en pinturas, tintas y lacas, con foco en acabados para la industria del mueble. Fundada en 1991 en el distrito, cuenta hoy con otra planta en la provincia de Santa Fe y distribuye sus productos en todo el pa\u00eds. Emplea a 40 trabajadores de Hurlingham y forma parte del polo industrial del distrito. Durante la recorrida, Campi explic\u00f3 que la empresa se encuentra \u201ctratando de sobrellevar la situaci\u00f3n actual\u201d y valor\u00f3 el intercambio. \u201cEsto de participar, que nos vengan a escuchar, nos permite contar la realidad que vivimos y escuchar de ellos ideas que nos suman, que nos pueden servir\u201d, se\u00f1al\u00f3 el empresario al referirse al encuentro.<\/p>\n\n\n\n<p>En este marco, la diputada y el intendente conversaron con Tob\u00edas, un joven de 18 a\u00f1os que recientemente egres\u00f3 de la Escuela T\u00e9cnica N\u00ba2 \u201cRep\u00fablica del Per\u00fa\u201d y comenz\u00f3 a trabajar en la f\u00e1brica. Selci resalt\u00f3 el valor de que los chicos se formen en las escuelas t\u00e9cnicas del distrito y luego encuentren trabajo en empresas locales, incorpor\u00e1ndose a la fuerza productiva de Hurlingham.<\/p>\n","protected":false},"excerpt":{"rendered":"<p>La diputada bonaerense y el intendente visitaron la hist\u00f3rica empresa del sector qu\u00edmico-industrial en un<\/p>\n","protected":false},"author":2,"featured_media":5499,"comment_status":"closed","ping_status":"","sticky":false,"template":"","format":"standard","meta":{"footnotes":""},"categories":[37,4,61],"tags":[],"class_list":["post-5500","post","type-post","status-publish","format-standard","has-post-thumbnail","hentry","category-destacados","category-politica","category-provincial"],"_links":{"self":[{"href":"https:\/\/noticiascpb.com.ar\/index.php?rest_route=\/wp\/v2\/posts\/5500","targetHints":{"allow":["GET"]}}],"collection":[{"href":"https:\/\/noticiascpb.com.ar\/index.php?rest_route=\/wp\/v2\/posts"}],"about":[{"href":"https:\/\/noticiascpb.com.ar\/index.php?rest_route=\/wp\/v2\/types\/post"}],"author":[{"embeddable":true,"href":"https:\/\/noticiascpb.com.ar\/index.php?rest_route=\/wp\/v2\/users\/2"}],"replies":[{"embeddable":true,"href":"https:\/\/noticiascpb.com.ar\/index.php?rest_route=%2Fwp%2Fv2%2Fcomments&post=5500"}],"version-history":[{"count":1,"href":"https:\/\/noticiascpb.com.ar\/index.php?rest_route=\/wp\/v2\/posts\/5500\/revisions"}],"predecessor-version":[{"id":5501,"href":"https:\/\/noticiascpb.com.ar\/index.php?rest_route=\/wp\/v2\/posts\/5500\/revisions\/5501"}],"wp:featuredmedia":[{"embeddable":true,"href":"https:\/\/noticiascpb.com.ar\/index.php?rest_route=\/wp\/v2\/media\/5499"}],"wp:attachment":[{"href":"https:\/\/noticiascpb.com.ar\/index.php?rest_route=%2Fwp%2Fv2%2Fmedia&parent=5500"}],"wp:term":[{"taxonomy":"category","embeddable":true,"href":"https:\/\/noticiascpb.com.ar\/index.php?rest_route=%2Fwp%2Fv2%2Fcategories&post=5500"},{"taxonomy":"post_tag","embeddable":true,"href":"https:\/\/noticiascpb.com.ar\/index.php?rest_route=%2Fwp%2Fv2%2Ftags&post=5500"}],"curies":[{"name":"wp","href":"https:\/\/api.w.org\/{rel}","templated":true}]}}