{"id":5506,"date":"2026-03-10T17:44:12","date_gmt":"2026-03-10T20:44:12","guid":{"rendered":"https:\/\/noticiascpb.com.ar\/?p=5506"},"modified":"2026-03-10T17:44:35","modified_gmt":"2026-03-10T20:44:35","slug":"se-realizara-la-fiesta-de-la-cerveza-edicion-san-patricio","status":"publish","type":"post","link":"https:\/\/noticiascpb.com.ar\/?p=5506","title":{"rendered":"Se realizar\u00e1 la Fiesta de la cerveza edici\u00f3n San Patricio"},"content":{"rendered":"\n<p>El Municipio de Quilmes invita a las y los vecinos a participar del Festival de la Cerveza \u2013 Edici\u00f3n San Patricio, que se desarrollar\u00e1 desde el viernes 13 hasta el domingo 15, en el Parque Lineal de Don Bosco \u201cDr. Ra\u00fal Alfons\u00edn\u201d, ubicado en la intersecci\u00f3n de la avenida Caseros y Umberto illia.<\/p>\n\n\n\n<p>Cabe destacar que Quilmes es la Capital Provincial de la Cerveza, y en este marco, el encuentro contar\u00e1 con una feria de emprendedores, m\u00e1s de 20 foodtrucks con una gran oferta gastron\u00f3mica y con precios accesibles para todos los bolsillos, los stands con distintos fabricantes de cervezas, artistas y shows en vivo, un sector de entretenimiento para los m\u00e1s peque\u00f1os, con inflables y juegos, y sorteos con importantes premios para los presentes.<\/p>\n\n\n\n<p>Durante las tres jornadas, el encuentro contar\u00e1 con la participaci\u00f3n de 15 productores de cerveza artesanal, quienes ofrecer\u00e1n m\u00e1s de 25 estilos diferentes y 75 canillas, con una producci\u00f3n estimada de m\u00e1s de 10.000 litros de cerveza disponibles para degustar.<\/p>\n\n\n\n<p>El evento se llevar\u00e1 adelante el viernes 13, de&nbsp;<a href=\"https:\/\/www.google.com\/maps\/search\/18+a+23?entry=gmail&amp;source=g\">18 a 23<\/a>; el s\u00e1bado 14,de&nbsp;<a href=\"https:\/\/www.google.com\/maps\/search\/13+a+23?entry=gmail&amp;source=g\">13 a 23<\/a>, el domingo 15, de 13 a 22, y est\u00e1 organizado de manera conjunta entre el Municipio de Quilmes, Cervecer\u00eda y Malter\u00eda Quilmes, la C\u00e1mara Gastron\u00f3mica, Hotelera, Turismo y Esparcimiento local, y los Productores Cerveceros Independientes de Quilmes.<\/p>\n","protected":false},"excerpt":{"rendered":"<p>El Municipio de Quilmes invita a las y los vecinos a participar del Festival de<\/p>\n","protected":false},"author":2,"featured_media":5505,"comment_status":"closed","ping_status":"","sticky":false,"template":"","format":"standard","meta":{"footnotes":""},"categories":[57,37,62],"tags":[],"class_list":["post-5506","post","type-post","status-publish","format-standard","has-post-thumbnail","hentry","category-cultura","category-destacados","category-quilmes"],"_links":{"self":[{"href":"https:\/\/noticiascpb.com.ar\/index.php?rest_route=\/wp\/v2\/posts\/5506","targetHints":{"allow":["GET"]}}],"collection":[{"href":"https:\/\/noticiascpb.com.ar\/index.php?rest_route=\/wp\/v2\/posts"}],"about":[{"href":"https:\/\/noticiascpb.com.ar\/index.php?rest_route=\/wp\/v2\/types\/post"}],"author":[{"embeddable":true,"href":"https:\/\/noticiascpb.com.ar\/index.php?rest_route=\/wp\/v2\/users\/2"}],"replies":[{"embeddable":true,"href":"https:\/\/noticiascpb.com.ar\/index.php?rest_route=%2Fwp%2Fv2%2Fcomments&post=5506"}],"version-history":[{"count":1,"href":"https:\/\/noticiascpb.com.ar\/index.php?rest_route=\/wp\/v2\/posts\/5506\/revisions"}],"predecessor-version":[{"id":5507,"href":"https:\/\/noticiascpb.com.ar\/index.php?rest_route=\/wp\/v2\/posts\/5506\/revisions\/5507"}],"wp:featuredmedia":[{"embeddable":true,"href":"https:\/\/noticiascpb.com.ar\/index.php?rest_route=\/wp\/v2\/media\/5505"}],"wp:attachment":[{"href":"https:\/\/noticiascpb.com.ar\/index.php?rest_route=%2Fwp%2Fv2%2Fmedia&parent=5506"}],"wp:term":[{"taxonomy":"category","embeddable":true,"href":"https:\/\/noticiascpb.com.ar\/index.php?rest_route=%2Fwp%2Fv2%2Fcategories&post=5506"},{"taxonomy":"post_tag","embeddable":true,"href":"https:\/\/noticiascpb.com.ar\/index.php?rest_route=%2Fwp%2Fv2%2Ftags&post=5506"}],"curies":[{"name":"wp","href":"https:\/\/api.w.org\/{rel}","templated":true}]}}