{"id":5509,"date":"2026-03-11T08:40:20","date_gmt":"2026-03-11T11:40:20","guid":{"rendered":"https:\/\/noticiascpb.com.ar\/?p=5509"},"modified":"2026-03-11T08:40:46","modified_gmt":"2026-03-11T11:40:46","slug":"asumieron-las-nuevas-autoridades-de-la-uom-quilmes-berazategui-y-florencio-varela","status":"publish","type":"post","link":"https:\/\/noticiascpb.com.ar\/?p=5509","title":{"rendered":"Asumieron las nuevas autoridades de la UOM Quilmes, Berazategui y Florencio Varela"},"content":{"rendered":"\n<p>En un acto realizado con la presencia de trabajadores metal\u00fargicos, delegados gremiales y dirigentes sindicales de la regi\u00f3n, asumieron las nuevas autoridades de la seccional Quilmes, Berazategui y Florencio Varela de la Uni\u00f3n Obrera Metal\u00fargica (UOM).<\/p>\n\n\n\n<p>La jornada se desarroll\u00f3 en el Teatro Municipal de Quilmes en un clima de unidad y fuerte participaci\u00f3n de los afiliados, quienes acompa\u00f1aron la renovaci\u00f3n de la conducci\u00f3n gremial, a cargo de Adrian P\u00e9rez, que tendr\u00e1 la responsabilidad de representar a los trabajadores del sector durante el pr\u00f3ximo per\u00edodo.<\/p>\n\n\n\n<p>Durante el acto, los nuevos dirigentes destacaron la importancia de fortalecer la organizaci\u00f3n sindical, defender los puestos de trabajo y continuar impulsando pol\u00edticas que mejoren las condiciones laborales de los metal\u00fargicos de la regi\u00f3n.&nbsp;<\/p>\n\n\n\n<p>Asimismo, remarcaron el compromiso de mantener un di\u00e1logo permanente con los trabajadores, las comisiones internas y los delegados de f\u00e1brica.<\/p>\n\n\n\n<p>\u201cLa prioridad seguir\u00e1 siendo cuidar el trabajo argentino, defender el salario y acompa\u00f1ar a cada compa\u00f1ero en sus necesidades\u201d, expresaron desde la conducci\u00f3n al momento de dirigirse a los presentes.<\/p>\n\n\n\n<p>El encuentro tambi\u00e9n cont\u00f3 con la presencia de la diputada provincial Mayra Mendoza, adem\u00e1s de referentes del movimiento obrero regional, quienes coincidieron en la necesidad de consolidar la unidad sindical frente a los desaf\u00edos actuales del sector industrial.<\/p>\n\n\n\n<p>De esta manera, la nueva conducci\u00f3n de la UOM Quilmes, Berazategui y Florencio Varela inicia una etapa que buscar\u00e1 fortalecer la representaci\u00f3n gremial y acompa\u00f1ar el desarrollo de la industria metal\u00fargica en el sur del conurbano bonaerense.<\/p>\n","protected":false},"excerpt":{"rendered":"<p>En un acto realizado con la presencia de trabajadores metal\u00fargicos, delegados gremiales y dirigentes sindicales<\/p>\n","protected":false},"author":2,"featured_media":5508,"comment_status":"closed","ping_status":"","sticky":false,"template":"","format":"standard","meta":{"footnotes":""},"categories":[37,4,62],"tags":[],"class_list":["post-5509","post","type-post","status-publish","format-standard","has-post-thumbnail","hentry","category-destacados","category-politica","category-quilmes"],"_links":{"self":[{"href":"https:\/\/noticiascpb.com.ar\/index.php?rest_route=\/wp\/v2\/posts\/5509","targetHints":{"allow":["GET"]}}],"collection":[{"href":"https:\/\/noticiascpb.com.ar\/index.php?rest_route=\/wp\/v2\/posts"}],"about":[{"href":"https:\/\/noticiascpb.com.ar\/index.php?rest_route=\/wp\/v2\/types\/post"}],"author":[{"embeddable":true,"href":"https:\/\/noticiascpb.com.ar\/index.php?rest_route=\/wp\/v2\/users\/2"}],"replies":[{"embeddable":true,"href":"https:\/\/noticiascpb.com.ar\/index.php?rest_route=%2Fwp%2Fv2%2Fcomments&post=5509"}],"version-history":[{"count":1,"href":"https:\/\/noticiascpb.com.ar\/index.php?rest_route=\/wp\/v2\/posts\/5509\/revisions"}],"predecessor-version":[{"id":5510,"href":"https:\/\/noticiascpb.com.ar\/index.php?rest_route=\/wp\/v2\/posts\/5509\/revisions\/5510"}],"wp:featuredmedia":[{"embeddable":true,"href":"https:\/\/noticiascpb.com.ar\/index.php?rest_route=\/wp\/v2\/media\/5508"}],"wp:attachment":[{"href":"https:\/\/noticiascpb.com.ar\/index.php?rest_route=%2Fwp%2Fv2%2Fmedia&parent=5509"}],"wp:term":[{"taxonomy":"category","embeddable":true,"href":"https:\/\/noticiascpb.com.ar\/index.php?rest_route=%2Fwp%2Fv2%2Fcategories&post=5509"},{"taxonomy":"post_tag","embeddable":true,"href":"https:\/\/noticiascpb.com.ar\/index.php?rest_route=%2Fwp%2Fv2%2Ftags&post=5509"}],"curies":[{"name":"wp","href":"https:\/\/api.w.org\/{rel}","templated":true}]}}