{"id":5521,"date":"2026-03-11T15:53:13","date_gmt":"2026-03-11T18:53:13","guid":{"rendered":"https:\/\/noticiascpb.com.ar\/?p=5521"},"modified":"2026-03-11T15:53:32","modified_gmt":"2026-03-11T18:53:32","slug":"la-ribera-de-quilmes-sera-sede-de-la-8a-edicion-del-festival-provincial-de-pesca-en-kayak-a-la-boga","status":"publish","type":"post","link":"https:\/\/noticiascpb.com.ar\/?p=5521","title":{"rendered":"La Ribera de Quilmes ser\u00e1 sede de la 8\u00aa edici\u00f3n del Festival Provincial de Pesca en Kayak a la Boga"},"content":{"rendered":"\n<p>El pr\u00f3ximo domingo 15 de marzo se llevar\u00e1 a cabo la octava edici\u00f3n del Festival Provincial de Pesca en Kayak a la Boga, un evento que ya se convirti\u00f3 en un cl\u00e1sico para los amantes de la pesca deportiva y las actividades al aire libre.&nbsp;<\/p>\n\n\n\n<p>La cita ser\u00e1 en Av. Cervantes y Storni, en La Ribera de Quilmes, donde pescadores de distintos puntos de la provincia de Buenos Aires se reunir\u00e1n para participar de una jornada que combina deporte, naturaleza y camarader\u00eda.<\/p>\n\n\n\n<p>La competencia se desarrollar\u00e1 exclusivamente en la modalidad de kayak, una pr\u00e1ctica que viene creciendo con fuerza en los \u00faltimos a\u00f1os entre los aficionados a la pesca deportiva.&nbsp;<\/p>\n\n\n\n<p>El objetivo principal del certamen ser\u00e1 la captura de bogas, una de las especies m\u00e1s buscadas en las aguas del R\u00edo de la Plata.<\/p>\n\n\n\n<p>Seg\u00fan informaron los organizadores, la jornada comenzar\u00e1 temprano por la ma\u00f1ana con la acreditaci\u00f3n de los participantes y la posterior largada de los kayaks. Durante varias horas, los competidores recorrer\u00e1n distintos sectores del r\u00edo en busca de las mejores piezas, que ser\u00e1n medidas y registradas para determinar a los ganadores.<\/p>\n\n\n\n<p>Adem\u00e1s de la competencia, el festival contar\u00e1 con un clima familiar y recreativo. Se espera la presencia de vecinos, turistas y aficionados que se acercar\u00e1n a disfrutar del espect\u00e1culo, recorrer la zona costera y compartir una jornada al aire libre.<\/p>\n\n\n\n<p>El evento tambi\u00e9n busca promover la pesca responsable y el cuidado del ambiente, fomentando pr\u00e1cticas deportivas sustentables y el respeto por el ecosistema del R\u00edo de la Plata.<\/p>\n\n\n\n<p>Con cada edici\u00f3n, el Festival Provincial de Pesca en Kayak a la Boga contin\u00faa consolid\u00e1ndose como uno de los encuentros m\u00e1s importantes de la pesca deportiva en la regi\u00f3n, convocando a competidores experimentados y a nuevos entusiastas que se suman a\u00f1o tras a\u00f1o.<\/p>\n","protected":false},"excerpt":{"rendered":"<p>El pr\u00f3ximo domingo 15 de marzo se llevar\u00e1 a cabo la octava edici\u00f3n del Festival<\/p>\n","protected":false},"author":2,"featured_media":5520,"comment_status":"closed","ping_status":"","sticky":false,"template":"","format":"standard","meta":{"footnotes":""},"categories":[7,37,62],"tags":[],"class_list":["post-5521","post","type-post","status-publish","format-standard","has-post-thumbnail","hentry","category-deportes","category-destacados","category-quilmes"],"_links":{"self":[{"href":"https:\/\/noticiascpb.com.ar\/index.php?rest_route=\/wp\/v2\/posts\/5521","targetHints":{"allow":["GET"]}}],"collection":[{"href":"https:\/\/noticiascpb.com.ar\/index.php?rest_route=\/wp\/v2\/posts"}],"about":[{"href":"https:\/\/noticiascpb.com.ar\/index.php?rest_route=\/wp\/v2\/types\/post"}],"author":[{"embeddable":true,"href":"https:\/\/noticiascpb.com.ar\/index.php?rest_route=\/wp\/v2\/users\/2"}],"replies":[{"embeddable":true,"href":"https:\/\/noticiascpb.com.ar\/index.php?rest_route=%2Fwp%2Fv2%2Fcomments&post=5521"}],"version-history":[{"count":1,"href":"https:\/\/noticiascpb.com.ar\/index.php?rest_route=\/wp\/v2\/posts\/5521\/revisions"}],"predecessor-version":[{"id":5522,"href":"https:\/\/noticiascpb.com.ar\/index.php?rest_route=\/wp\/v2\/posts\/5521\/revisions\/5522"}],"wp:featuredmedia":[{"embeddable":true,"href":"https:\/\/noticiascpb.com.ar\/index.php?rest_route=\/wp\/v2\/media\/5520"}],"wp:attachment":[{"href":"https:\/\/noticiascpb.com.ar\/index.php?rest_route=%2Fwp%2Fv2%2Fmedia&parent=5521"}],"wp:term":[{"taxonomy":"category","embeddable":true,"href":"https:\/\/noticiascpb.com.ar\/index.php?rest_route=%2Fwp%2Fv2%2Fcategories&post=5521"},{"taxonomy":"post_tag","embeddable":true,"href":"https:\/\/noticiascpb.com.ar\/index.php?rest_route=%2Fwp%2Fv2%2Ftags&post=5521"}],"curies":[{"name":"wp","href":"https:\/\/api.w.org\/{rel}","templated":true}]}}