{"id":5534,"date":"2026-03-12T15:30:59","date_gmt":"2026-03-12T18:30:59","guid":{"rendered":"https:\/\/noticiascpb.com.ar\/?p=5534"},"modified":"2026-03-12T15:31:13","modified_gmt":"2026-03-12T18:31:13","slug":"expoagro-2026-mayra-mendoza-recorre-la-provincia-de-buenos-aires","status":"publish","type":"post","link":"https:\/\/noticiascpb.com.ar\/?p=5534","title":{"rendered":"Expoagro 2026: Mayra Mendoza recorre la Provincia de Buenos Aires"},"content":{"rendered":"\n<p>La diputada provincial e intendenta de Quilmes en uso de licencia, Mayra Mendoza, recorri\u00f3 este jueves la muestra Expagro 2026, que se desarrolla entre el 10 y el 13 de marzo en el predio ferial y el aut\u00f3dromo de la ciudad de San Nicol\u00e1s de los Arroyos, provincia de Buenos Aires, donde destac\u00f3 el rol del campo, acompa\u00f1ada por el exministro de Agricultura de la Naci\u00f3n, Juli\u00e1n Dom\u00ednguez.&nbsp;<\/p>\n\n\n\n<p>\u201cEste sector es uno de los m\u00e1s importantes de nuestra producci\u00f3n, como provincia de Buenos Aires y tambi\u00e9n como pa\u00eds. Hay que contar con una mirada integral del aporte que todos los sectores debemos hacer para poder tener lo que necesita nuestro pa\u00eds, donde existe un fuerte complemento entre el campo y la industria. Un modelo de Argentina que pueda apostar a tener mayor producci\u00f3n, a darle valor agregado, a generar trabajo y a recuperar la capacidad de producci\u00f3n\u201d, sostuvo Mayra.&nbsp;<\/p>\n\n\n\n<p>A su vez, sobre las fuertes cr\u00edticas vertidas por el presidente Milei a los sectores industriales durante el Argentina Week, en Estados Unidos, la Diputada Provincial se\u00f1al\u00f3 que \u201cteniendo la responsabilidad de gobernar y sabiendo que la vida de los argentinos est\u00e1 siendo cada vez m\u00e1s dif\u00edcil, no me parecen apropiadas\u201d.&nbsp;<\/p>\n\n\n\n<p>\u201cEl desempleo est\u00e1 creciendo, la realidad se impone. Por eso estamos tambi\u00e9n ac\u00e1 para conocer un poco m\u00e1s de este sector, que como dec\u00eda, es unos de los m\u00e1s importantes para nuestra provincia\u201d, dijo Mayra, y agreg\u00f3 que \u201cel \u00faltimo buen gobierno en la Argentina fue el de Cristina y tenemos una concepci\u00f3n respecto a que los n\u00fameros tienen que cerrar pero con la gente adentro. No puede haber una concentraci\u00f3n de la riqueza en manos de unos pocos, sino una redistribuci\u00f3n que permita que todos tengan mejores condiciones de vida. Hay que cuidar a los argentinos y no solo los intereses de los de afuera\u201d.&nbsp;<\/p>\n\n\n\n<p>Al ser consultada por el viaje a EEUU de la esposa del jefe de Gabinete de la Naci\u00f3n, Manuel Adorni, en el avi\u00f3n presidencial, subray\u00f3: \u201cNo me parece bien. Es grave y m\u00e1s por parte de funcionarios que adem\u00e1s se jactan de no tener gastos extras sabiendo lo que est\u00e1 viviendo el pa\u00eds. Igual, me parecen mucho m\u00e1s graves otras cosas, el cierre de Fate y de m\u00e1s de 20.000 Pymes, lo que sucede con los jubilados, la desprotecci\u00f3n a las personas con discapacidad, el desfinanciamiento a las universidades y las consecuencias de ello. As\u00ed que lo de Adorni, por supuesto, me parece mal, pero el rumbo que va camino la Argentina en los pr\u00f3ximos meses, en un contexto mundial muy delicado, es lamentable y preocupante\u201d.<\/p>\n","protected":false},"excerpt":{"rendered":"<p>La diputada provincial e intendenta de Quilmes en uso de licencia, Mayra Mendoza, recorri\u00f3 este<\/p>\n","protected":false},"author":2,"featured_media":5533,"comment_status":"closed","ping_status":"","sticky":false,"template":"","format":"standard","meta":{"footnotes":""},"categories":[37,4,61],"tags":[],"class_list":["post-5534","post","type-post","status-publish","format-standard","has-post-thumbnail","hentry","category-destacados","category-politica","category-provincial"],"_links":{"self":[{"href":"https:\/\/noticiascpb.com.ar\/index.php?rest_route=\/wp\/v2\/posts\/5534","targetHints":{"allow":["GET"]}}],"collection":[{"href":"https:\/\/noticiascpb.com.ar\/index.php?rest_route=\/wp\/v2\/posts"}],"about":[{"href":"https:\/\/noticiascpb.com.ar\/index.php?rest_route=\/wp\/v2\/types\/post"}],"author":[{"embeddable":true,"href":"https:\/\/noticiascpb.com.ar\/index.php?rest_route=\/wp\/v2\/users\/2"}],"replies":[{"embeddable":true,"href":"https:\/\/noticiascpb.com.ar\/index.php?rest_route=%2Fwp%2Fv2%2Fcomments&post=5534"}],"version-history":[{"count":1,"href":"https:\/\/noticiascpb.com.ar\/index.php?rest_route=\/wp\/v2\/posts\/5534\/revisions"}],"predecessor-version":[{"id":5535,"href":"https:\/\/noticiascpb.com.ar\/index.php?rest_route=\/wp\/v2\/posts\/5534\/revisions\/5535"}],"wp:featuredmedia":[{"embeddable":true,"href":"https:\/\/noticiascpb.com.ar\/index.php?rest_route=\/wp\/v2\/media\/5533"}],"wp:attachment":[{"href":"https:\/\/noticiascpb.com.ar\/index.php?rest_route=%2Fwp%2Fv2%2Fmedia&parent=5534"}],"wp:term":[{"taxonomy":"category","embeddable":true,"href":"https:\/\/noticiascpb.com.ar\/index.php?rest_route=%2Fwp%2Fv2%2Fcategories&post=5534"},{"taxonomy":"post_tag","embeddable":true,"href":"https:\/\/noticiascpb.com.ar\/index.php?rest_route=%2Fwp%2Fv2%2Ftags&post=5534"}],"curies":[{"name":"wp","href":"https:\/\/api.w.org\/{rel}","templated":true}]}}