{"id":5539,"date":"2026-03-12T22:31:17","date_gmt":"2026-03-13T01:31:17","guid":{"rendered":"https:\/\/noticiascpb.com.ar\/?p=5539"},"modified":"2026-03-12T22:31:21","modified_gmt":"2026-03-13T01:31:21","slug":"la-fab-continua-su-recorrida-por-clubes-de-barrio-e-instituciones-deportivas","status":"publish","type":"post","link":"https:\/\/noticiascpb.com.ar\/?p=5539","title":{"rendered":"La FAB contin\u00faa su recorrida por clubes de barrio e instituciones deportivas"},"content":{"rendered":"\n<p>La Federaci\u00f3n Argentina de Box (F.A.B.) contin\u00faa profundizando su presencia en los barrios a trav\u00e9s de visitas a clubes e instituciones deportivas, en el marco de la pol\u00edtica de inclusi\u00f3n social \u201cPuertas Abiertas\u201d, impulsada por su presidente Luis Arturo Doffi, junto a Mirian Santos y el tesorero Mariano Soraire.<\/p>\n\n\n\n<figure class=\"wp-block-image size-large\"><img loading=\"lazy\" decoding=\"async\" width=\"1024\" height=\"682\" src=\"https:\/\/noticiascpb.com.ar\/wp-content\/uploads\/2026\/03\/img-20260312-wa00857526948975540983622-1024x682.jpg\" alt=\"\" class=\"wp-image-5537\" srcset=\"https:\/\/noticiascpb.com.ar\/wp-content\/uploads\/2026\/03\/img-20260312-wa00857526948975540983622-1024x682.jpg 1024w, https:\/\/noticiascpb.com.ar\/wp-content\/uploads\/2026\/03\/img-20260312-wa00857526948975540983622-300x200.jpg 300w, https:\/\/noticiascpb.com.ar\/wp-content\/uploads\/2026\/03\/img-20260312-wa00857526948975540983622-768x512.jpg 768w, https:\/\/noticiascpb.com.ar\/wp-content\/uploads\/2026\/03\/img-20260312-wa00857526948975540983622-1536x1023.jpg 1536w, https:\/\/noticiascpb.com.ar\/wp-content\/uploads\/2026\/03\/img-20260312-wa00857526948975540983622.jpg 1600w\" sizes=\"auto, (max-width: 1024px) 100vw, 1024px\" \/><\/figure>\n\n\n\n<p>La iniciativa tiene como objetivo acercar la Federaci\u00f3n a las comunidades, fortalecer el boxeo desde sus bases y acompa\u00f1ar el trabajo social que llevan adelante los clubes de barrio y espacios deportivos en todo el territorio.<\/p>\n\n\n\n<p>En esta oportunidad, las autoridades de la F.A.B. visitaron el gimnasio Ringo Box, ubicado en calle 891 N\u00b0 2363, en el barrio La Matera, en el partido de Quilmes, espacio conducido por Pedro Franco, ex campe\u00f3n argentino y latinoamericano.<\/p>\n\n\n\n<figure class=\"wp-block-image size-large\"><img loading=\"lazy\" decoding=\"async\" width=\"1024\" height=\"682\" src=\"https:\/\/noticiascpb.com.ar\/wp-content\/uploads\/2026\/03\/img-20260312-wa00651192644827682345484-1024x682.jpg\" alt=\"\" class=\"wp-image-5538\" srcset=\"https:\/\/noticiascpb.com.ar\/wp-content\/uploads\/2026\/03\/img-20260312-wa00651192644827682345484-1024x682.jpg 1024w, https:\/\/noticiascpb.com.ar\/wp-content\/uploads\/2026\/03\/img-20260312-wa00651192644827682345484-300x200.jpg 300w, https:\/\/noticiascpb.com.ar\/wp-content\/uploads\/2026\/03\/img-20260312-wa00651192644827682345484-768x512.jpg 768w, https:\/\/noticiascpb.com.ar\/wp-content\/uploads\/2026\/03\/img-20260312-wa00651192644827682345484-1536x1023.jpg 1536w, https:\/\/noticiascpb.com.ar\/wp-content\/uploads\/2026\/03\/img-20260312-wa00651192644827682345484.jpg 1600w\" sizes=\"auto, (max-width: 1024px) 100vw, 1024px\" \/><\/figure>\n\n\n\n<p>Durante la recorrida, la Federaci\u00f3n acerc\u00f3 donaciones destinadas a acompa\u00f1ar y proyectar el trabajo social que se desarrolla en el gimnasio, reafirmando su compromiso con las instituciones que, adem\u00e1s de fomentar el deporte, cumplen una funci\u00f3n clave en la contenci\u00f3n social de ni\u00f1as, ni\u00f1os y j\u00f3venes.<\/p>\n\n\n\n<p>El trabajo de Pedro Franco en Ringo Box trasciende lo estrictamente deportivo. Adem\u00e1s de promover la pr\u00e1ctica del boxeo, impulsa un fuerte compromiso con la educaci\u00f3n y la formaci\u00f3n de los chicos y chicas que asisten al gimnasio. El espacio cuenta con una amplia biblioteca para garantizar el acceso al conocimiento, una sala audiovisual y pr\u00f3ximamente incorporar\u00e1 un aula de inform\u00e1tica.<\/p>\n\n\n\n<p>Gracias al apoyo de particulares, Franco tambi\u00e9n logra adquirir mercader\u00eda a trav\u00e9s del Banco de Alimentos, con la que arma m\u00f3dulos para asistir a las familias de los 70 chicos que participan de las actividades del gimnasio.<\/p>\n\n\n\n<p>Con estas acciones, la Federaci\u00f3n Argentina de Box reafirma su decisi\u00f3n de seguir construyendo un boxeo m\u00e1s inclusivo, federal y comprometido con la realidad social de cada barrio.<\/p>\n\n\n\n<p>Fotograf\u00eda: Ricardo Barrientos<\/p>\n","protected":false},"excerpt":{"rendered":"<p>La Federaci\u00f3n Argentina de Box (F.A.B.) contin\u00faa profundizando su presencia en los barrios a trav\u00e9s<\/p>\n","protected":false},"author":2,"featured_media":5536,"comment_status":"closed","ping_status":"","sticky":false,"template":"","format":"standard","meta":{"footnotes":""},"categories":[7,37,62],"tags":[],"class_list":["post-5539","post","type-post","status-publish","format-standard","has-post-thumbnail","hentry","category-deportes","category-destacados","category-quilmes"],"_links":{"self":[{"href":"https:\/\/noticiascpb.com.ar\/index.php?rest_route=\/wp\/v2\/posts\/5539","targetHints":{"allow":["GET"]}}],"collection":[{"href":"https:\/\/noticiascpb.com.ar\/index.php?rest_route=\/wp\/v2\/posts"}],"about":[{"href":"https:\/\/noticiascpb.com.ar\/index.php?rest_route=\/wp\/v2\/types\/post"}],"author":[{"embeddable":true,"href":"https:\/\/noticiascpb.com.ar\/index.php?rest_route=\/wp\/v2\/users\/2"}],"replies":[{"embeddable":true,"href":"https:\/\/noticiascpb.com.ar\/index.php?rest_route=%2Fwp%2Fv2%2Fcomments&post=5539"}],"version-history":[{"count":1,"href":"https:\/\/noticiascpb.com.ar\/index.php?rest_route=\/wp\/v2\/posts\/5539\/revisions"}],"predecessor-version":[{"id":5540,"href":"https:\/\/noticiascpb.com.ar\/index.php?rest_route=\/wp\/v2\/posts\/5539\/revisions\/5540"}],"wp:featuredmedia":[{"embeddable":true,"href":"https:\/\/noticiascpb.com.ar\/index.php?rest_route=\/wp\/v2\/media\/5536"}],"wp:attachment":[{"href":"https:\/\/noticiascpb.com.ar\/index.php?rest_route=%2Fwp%2Fv2%2Fmedia&parent=5539"}],"wp:term":[{"taxonomy":"category","embeddable":true,"href":"https:\/\/noticiascpb.com.ar\/index.php?rest_route=%2Fwp%2Fv2%2Fcategories&post=5539"},{"taxonomy":"post_tag","embeddable":true,"href":"https:\/\/noticiascpb.com.ar\/index.php?rest_route=%2Fwp%2Fv2%2Ftags&post=5539"}],"curies":[{"name":"wp","href":"https:\/\/api.w.org\/{rel}","templated":true}]}}