{"id":5545,"date":"2026-03-13T13:12:26","date_gmt":"2026-03-13T16:12:26","guid":{"rendered":"https:\/\/noticiascpb.com.ar\/?p=5545"},"modified":"2026-03-13T13:12:47","modified_gmt":"2026-03-13T16:12:47","slug":"curso-virtual-las-abuelas-y-el-derecho-a-la-identidad","status":"publish","type":"post","link":"https:\/\/noticiascpb.com.ar\/?p=5545","title":{"rendered":"Curso virtual: \u201cLas Abuelas y el derecho a la identidad\u201d"},"content":{"rendered":"\n<p>A 50 a\u00f1os del \u00faltimo golpe de Estado c\u00edvico-militar en la Argentina, se presenta el curso virtual \u201cLas Abuelas y el derecho a la identidad\u201d, una propuesta para reflexionar, mantener viva la memoria y fortalecer el compromiso con la verdad y la justicia.<\/p>\n\n\n\n<p>La iniciativa invita a conocer la historia, la lucha y el legado de quienes nunca se rindieron en la b\u00fasqueda de sus nietos y nietas, sembrando un presente y un futuro de memoria, lucha y esperanza.<\/p>\n\n\n\n<p>Inscripci\u00f3n abierta hasta el 31 de marzo.<\/p>\n\n\n\n<p>Quienes deseen participar pueden anotarse a trav\u00e9s del siguiente enlace:&nbsp;<a href=\"http:\/\/url-shortener.me\/FFQR\" rel=\"noreferrer noopener\" target=\"_blank\">http:\/\/url-shortener.me\/FFQR<\/a><\/p>\n","protected":false},"excerpt":{"rendered":"<p>A 50 a\u00f1os del \u00faltimo golpe de Estado c\u00edvico-militar en la Argentina, se presenta el<\/p>\n","protected":false},"author":2,"featured_media":5544,"comment_status":"closed","ping_status":"","sticky":false,"template":"","format":"standard","meta":{"footnotes":""},"categories":[37,4,62],"tags":[],"class_list":["post-5545","post","type-post","status-publish","format-standard","has-post-thumbnail","hentry","category-destacados","category-politica","category-quilmes"],"_links":{"self":[{"href":"https:\/\/noticiascpb.com.ar\/index.php?rest_route=\/wp\/v2\/posts\/5545","targetHints":{"allow":["GET"]}}],"collection":[{"href":"https:\/\/noticiascpb.com.ar\/index.php?rest_route=\/wp\/v2\/posts"}],"about":[{"href":"https:\/\/noticiascpb.com.ar\/index.php?rest_route=\/wp\/v2\/types\/post"}],"author":[{"embeddable":true,"href":"https:\/\/noticiascpb.com.ar\/index.php?rest_route=\/wp\/v2\/users\/2"}],"replies":[{"embeddable":true,"href":"https:\/\/noticiascpb.com.ar\/index.php?rest_route=%2Fwp%2Fv2%2Fcomments&post=5545"}],"version-history":[{"count":1,"href":"https:\/\/noticiascpb.com.ar\/index.php?rest_route=\/wp\/v2\/posts\/5545\/revisions"}],"predecessor-version":[{"id":5546,"href":"https:\/\/noticiascpb.com.ar\/index.php?rest_route=\/wp\/v2\/posts\/5545\/revisions\/5546"}],"wp:featuredmedia":[{"embeddable":true,"href":"https:\/\/noticiascpb.com.ar\/index.php?rest_route=\/wp\/v2\/media\/5544"}],"wp:attachment":[{"href":"https:\/\/noticiascpb.com.ar\/index.php?rest_route=%2Fwp%2Fv2%2Fmedia&parent=5545"}],"wp:term":[{"taxonomy":"category","embeddable":true,"href":"https:\/\/noticiascpb.com.ar\/index.php?rest_route=%2Fwp%2Fv2%2Fcategories&post=5545"},{"taxonomy":"post_tag","embeddable":true,"href":"https:\/\/noticiascpb.com.ar\/index.php?rest_route=%2Fwp%2Fv2%2Ftags&post=5545"}],"curies":[{"name":"wp","href":"https:\/\/api.w.org\/{rel}","templated":true}]}}