{"id":5557,"date":"2026-03-13T19:04:50","date_gmt":"2026-03-13T22:04:50","guid":{"rendered":"https:\/\/noticiascpb.com.ar\/?p=5557"},"modified":"2026-03-13T19:05:06","modified_gmt":"2026-03-13T22:05:06","slug":"curso-de-lengua-de-senas-a-empleados-municipales-de-quilmes","status":"publish","type":"post","link":"https:\/\/noticiascpb.com.ar\/?p=5557","title":{"rendered":"Curso de lengua de se\u00f1as a empleados municipales de Quilmes"},"content":{"rendered":"\n<p>El Municipio de Quilmes informa que este mi\u00e9rcoles comenz\u00f3 la cuarta cohorte del curso de Lengua de Se\u00f1as Argentina (LSA) destinado a agentes municipales.&nbsp;<\/p>\n\n\n\n<p>El mismo se lleva a cabo en la Casa de las Culturas, sita en Pasaje Papa Francisco (ex Rivadavia) 383, del centro de la ciudad.<\/p>\n\n\n\n<p>El curso cuenta con la participaci\u00f3n de m\u00e1s de 40 empleados de diversas \u00e1reas que se inscribieron al mismo con el objetivo de mejorar su comunicaci\u00f3n con personas sordas, tanto en el asesoramiento a vecinos y vecinas como en la interacci\u00f3n con compa\u00f1eros con discapacidad auditiva.<\/p>\n\n\n\n<p>Esta iniciativa busca fortalecer la capacidad de los agentes municipales para brindar un servicio m\u00e1s efectivo y respetuoso, promoviendo la inclusi\u00f3n y la participaci\u00f3n ciudadana.<\/p>\n\n\n\n<p>La directora general de Discapacidad, Romina Olmos, recibi\u00f3 a los participantes y destac\u00f3: \u201cel esfuerzo del Municipio por sostener estas pol\u00edticas de accesibilidad, marcando un nuevo paso en la construcci\u00f3n de una administraci\u00f3n p\u00fablica m\u00e1s inclusiva\u201d.<\/p>\n\n\n\n<p>Estuvieron presentes la directora general de Capacitaci\u00f3n y Desarrollo, Patricia Paredes; su par de Seguimiento de Gesti\u00f3n, Romina Chebekdjian, y el presidente de la Asociaci\u00f3n de Sordos de Quilmes, Carlos Reynoso.<\/p>\n","protected":false},"excerpt":{"rendered":"<p>El Municipio de Quilmes informa que este mi\u00e9rcoles comenz\u00f3 la cuarta cohorte del curso de<\/p>\n","protected":false},"author":2,"featured_media":5556,"comment_status":"closed","ping_status":"","sticky":false,"template":"","format":"standard","meta":{"footnotes":""},"categories":[37,62],"tags":[],"class_list":["post-5557","post","type-post","status-publish","format-standard","has-post-thumbnail","hentry","category-destacados","category-quilmes"],"_links":{"self":[{"href":"https:\/\/noticiascpb.com.ar\/index.php?rest_route=\/wp\/v2\/posts\/5557","targetHints":{"allow":["GET"]}}],"collection":[{"href":"https:\/\/noticiascpb.com.ar\/index.php?rest_route=\/wp\/v2\/posts"}],"about":[{"href":"https:\/\/noticiascpb.com.ar\/index.php?rest_route=\/wp\/v2\/types\/post"}],"author":[{"embeddable":true,"href":"https:\/\/noticiascpb.com.ar\/index.php?rest_route=\/wp\/v2\/users\/2"}],"replies":[{"embeddable":true,"href":"https:\/\/noticiascpb.com.ar\/index.php?rest_route=%2Fwp%2Fv2%2Fcomments&post=5557"}],"version-history":[{"count":1,"href":"https:\/\/noticiascpb.com.ar\/index.php?rest_route=\/wp\/v2\/posts\/5557\/revisions"}],"predecessor-version":[{"id":5558,"href":"https:\/\/noticiascpb.com.ar\/index.php?rest_route=\/wp\/v2\/posts\/5557\/revisions\/5558"}],"wp:featuredmedia":[{"embeddable":true,"href":"https:\/\/noticiascpb.com.ar\/index.php?rest_route=\/wp\/v2\/media\/5556"}],"wp:attachment":[{"href":"https:\/\/noticiascpb.com.ar\/index.php?rest_route=%2Fwp%2Fv2%2Fmedia&parent=5557"}],"wp:term":[{"taxonomy":"category","embeddable":true,"href":"https:\/\/noticiascpb.com.ar\/index.php?rest_route=%2Fwp%2Fv2%2Fcategories&post=5557"},{"taxonomy":"post_tag","embeddable":true,"href":"https:\/\/noticiascpb.com.ar\/index.php?rest_route=%2Fwp%2Fv2%2Ftags&post=5557"}],"curies":[{"name":"wp","href":"https:\/\/api.w.org\/{rel}","templated":true}]}}