{"id":5560,"date":"2026-03-15T12:48:22","date_gmt":"2026-03-15T15:48:22","guid":{"rendered":"https:\/\/noticiascpb.com.ar\/?p=5560"},"modified":"2026-03-15T12:48:39","modified_gmt":"2026-03-15T15:48:39","slug":"exitosa-jornada-del-festival-provincial-de-la-cerveza-edicion-san-patricio","status":"publish","type":"post","link":"https:\/\/noticiascpb.com.ar\/?p=5560","title":{"rendered":"Exitosa jornada del Festival Provincial de la Cerveza edici\u00f3n San Patricio"},"content":{"rendered":"\n<p><em>La diputada provincial e intendenta de Quilmes en uso de licencia, Mayra Mendoza, particip\u00f3 este s\u00e1bado por la noche, del Festival de la Cerveza \u2013 Edici\u00f3n San Patricio, en el Parque Lineal de Don Bosco \u201cDr. Ra\u00fal Alfons\u00edn\u201d, ubicado en la intersecci\u00f3n de la avenida Caseros y Umberto Illia, donde hubo una gran concurrencia de vecinos, y dialog\u00f3 con productores y emprendedores locales, y la gente presente. Hoy desde las 13 hasta las 22 ser\u00e1 la jornada de cierre.<\/em><\/p>\n\n\n\n<p>\u201cEsta es una propuesta hermosa para la familia para este fin de semana: puestos gastron\u00f3micos, cervecer\u00eda local, feria de emprendedores, shows en vivo y sorteos. Es fundamental que sigamos fomentando estos espacios de disfrute en comunidad\u201d, afirm\u00f3 Mayra.<\/p>\n\n\n\n<p>Por su parte, el secretario de la Agencia de Fiscalizaci\u00f3n y Desarrollo Econ\u00f3mico, Juli\u00e1n Bellido, destac\u00f3 que \u201ceste evento es el reflejo del trabajo que articulamos desde el inicio de la gesti\u00f3n con Mayra Mendoza y el sector privado, que tiene que ver con fortalecer el empleo y dar lugar para mostrar la calidad gastron\u00f3mica y de cerveza de nuestra ciudad, de la que estamos muy orgullosos\u201d.<\/p>\n\n\n\n<p>Cabe destacar que Quilmes es la Capital Provincial de la Cerveza, y en este marco, el encuentro cuenta con una feria de emprendedores, m\u00e1s de 20 foodtrucks con una gran oferta gastron\u00f3mica a precios accesibles para todos los bolsillos, los stands con distintos fabricantes de cervezas, artistas y espect\u00e1culos musicales, un sector de entretenimiento para los m\u00e1s peque\u00f1os con inflables y juegos, y sorteos con importantes premios para los presentes.<\/p>\n\n\n\n<p>El encuentro tiene la participaci\u00f3n de 15 productores de cerveza artesanal, quienes ofrecen m\u00e1s de 25 estilos diferentes y 75 canillas, con una producci\u00f3n estimada de m\u00e1s de 10.000 litros de cerveza disponibles para degustar.<\/p>\n\n\n\n<p>Vale recordar que el evento fue organizado de manera conjunta entre el Municipio, Cervecer\u00eda y Malter\u00eda Quilmes, la C\u00e1mara Gastron\u00f3mica, Hotelera, Turismo y Esparcimiento local, y los Productores Cerveceros Independientes de Quilmes.<\/p>\n\n\n\n<p>En este marco, presidente de Productores Cerveceros Independientes, Sebasti\u00e1n Nunell, coment\u00f3: \u201cEstamos muy contentos con la convocatoria. El Municipio nos est\u00e1 dando mucha colaboraci\u00f3n, es una \u00e9poca dif\u00edcil para los emprendedores y tener el apoyo del Municipio es muy importante\u201d. Por su parte, Noelia Quintans, referente de la comisi\u00f3n de eventos de la C\u00e1mara Gastron\u00f3mica, destac\u00f3: \u201cEsto viene superando nuestras expectativas, es s\u00faper importante articular entre nosotros los gastron\u00f3micos, los emprendedores, los cerveceros y el Municipio. No lo hab\u00edamos logrado antes pero en estos \u00faltimos seis a\u00f1os se dio de una forma din\u00e1mica y natural, es impresionante el trabajo que se est\u00e1 haciendo, as\u00ed que muy agradecida\u201d.<\/p>\n\n\n\n<p>Miles de vecinos de Quilmes y de otros distritos se acercaron a disfrutar de la iniciativa. Marcelo Gonz\u00e1lez, uno de los presentes, coment\u00f3: \u201cVine a recorrer, a disfrutar un poco de la feria con amigos. La propuesta me parece excelente, hay buena comida, buena cerveza, muy variado, la verdad que se la pasa muy bien\u201d. Y Nicol\u00e1s Fattore, otro de los asistentes, coment\u00f3: \u201cVine a pasar la tarde en familia. La pasamos muy bien, muy tranquilos. La propuesta gastron\u00f3mica es buena, as\u00ed que para pasar un rato es ideal\u201d.<\/p>\n\n\n\n<p>Participaron tambi\u00e9n de la jornada el secretario de Gesti\u00f3n y Participaci\u00f3n Ciudadana, Fabio B\u00e1ez; las y los subsecretarios de Desarrollo Econ\u00f3mico, Federico D\u2019Angelo; de Faltas, Infracciones de Tr\u00e1nsito y Licencias de Conducir, J\u00e9sica Mendoza, y de Bases Operativas, Nelson Ch\u00e1vez, y las ediles, Florencia B\u00e1ez y Karina Jara, entre otros funcionarios y autoridades presentes.<\/p>\n","protected":false},"excerpt":{"rendered":"<p>La diputada provincial e intendenta de Quilmes en uso de licencia, Mayra Mendoza, particip\u00f3 este<\/p>\n","protected":false},"author":2,"featured_media":5559,"comment_status":"closed","ping_status":"","sticky":false,"template":"","format":"standard","meta":{"footnotes":""},"categories":[37,62,56],"tags":[],"class_list":["post-5560","post","type-post","status-publish","format-standard","has-post-thumbnail","hentry","category-destacados","category-quilmes","category-sociedad"],"_links":{"self":[{"href":"https:\/\/noticiascpb.com.ar\/index.php?rest_route=\/wp\/v2\/posts\/5560","targetHints":{"allow":["GET"]}}],"collection":[{"href":"https:\/\/noticiascpb.com.ar\/index.php?rest_route=\/wp\/v2\/posts"}],"about":[{"href":"https:\/\/noticiascpb.com.ar\/index.php?rest_route=\/wp\/v2\/types\/post"}],"author":[{"embeddable":true,"href":"https:\/\/noticiascpb.com.ar\/index.php?rest_route=\/wp\/v2\/users\/2"}],"replies":[{"embeddable":true,"href":"https:\/\/noticiascpb.com.ar\/index.php?rest_route=%2Fwp%2Fv2%2Fcomments&post=5560"}],"version-history":[{"count":1,"href":"https:\/\/noticiascpb.com.ar\/index.php?rest_route=\/wp\/v2\/posts\/5560\/revisions"}],"predecessor-version":[{"id":5561,"href":"https:\/\/noticiascpb.com.ar\/index.php?rest_route=\/wp\/v2\/posts\/5560\/revisions\/5561"}],"wp:featuredmedia":[{"embeddable":true,"href":"https:\/\/noticiascpb.com.ar\/index.php?rest_route=\/wp\/v2\/media\/5559"}],"wp:attachment":[{"href":"https:\/\/noticiascpb.com.ar\/index.php?rest_route=%2Fwp%2Fv2%2Fmedia&parent=5560"}],"wp:term":[{"taxonomy":"category","embeddable":true,"href":"https:\/\/noticiascpb.com.ar\/index.php?rest_route=%2Fwp%2Fv2%2Fcategories&post=5560"},{"taxonomy":"post_tag","embeddable":true,"href":"https:\/\/noticiascpb.com.ar\/index.php?rest_route=%2Fwp%2Fv2%2Ftags&post=5560"}],"curies":[{"name":"wp","href":"https:\/\/api.w.org\/{rel}","templated":true}]}}