{"id":5576,"date":"2026-03-17T11:59:35","date_gmt":"2026-03-17T14:59:35","guid":{"rendered":"https:\/\/noticiascpb.com.ar\/?p=5576"},"modified":"2026-03-17T12:00:01","modified_gmt":"2026-03-17T15:00:01","slug":"el-fin-de-un-simbolo-y-la-soledad-del-trabajador-en-la-era-milei","status":"publish","type":"post","link":"https:\/\/noticiascpb.com.ar\/?p=5576","title":{"rendered":"El fin de un s\u00edmbolo y la soledad del trabajador en la era Milei"},"content":{"rendered":"\n<p>En el asfalto gastado de la zona sur, el silencio tiene un sonido particular. Es el sonido de los motores que ya no arrancan. Para Pablo, delegado de la L\u00ednea 148 y trabajador con 37 a\u00f1os de antig\u00fcedad, el cierre de &#8220;El Nuevo Halc\u00f3n&#8221; no es solo una estad\u00edstica de la crisis econ\u00f3mica o un ajuste de subsidios; es el desmoronamiento de una vida entera que ahora choca contra la pared de las pol\u00edticas de desregulaci\u00f3n del gobierno de Javier Milei.<\/p>\n\n\n\n<p>Pablo entr\u00f3 a la empresa en 1989. Pas\u00f3 por todas las funciones, desde el volante hasta ser delegado. &#8220;En el bondi se escribe una historia nueva cada d\u00eda&#8221;, dice con una nostalgia que arrastra el cansancio de quien ha visto a un pa\u00eds subir y bajar por la puerta delantera de su colectivo. Sin embargo, hoy la historia parece haberse detenido en seco.<\/p>\n\n\n\n<p>La crisis como herida personal<\/p>\n\n\n\n<p>El colapso de la 148, una arteria vital que une el conurbano profundo con la Capital, es el s\u00edntoma m\u00e1s visible de un modelo que ha decidido soltarle la mano al transporte p\u00fablico. El recorte dr\u00e1stico de transferencias estatales y la escalada de costos han dejado a 500 familias en un limbo que Pablo conoce de cerca.<\/p>\n\n\n\n<p>Mientras la empresa bajaba sus persianas, la vida personal de Pablo tambi\u00e9n sufr\u00eda sus propios sismos. Separado recientemente, viviendo solo y refugi\u00e1ndose en los fines de semana con sus cuatro hijos, el sindicato se convirti\u00f3 en su \u00faltima trinchera. &#8220;El sue\u00f1o era avanzar, formar cuadros, que el proyecto de bancar al trabajador se mantuviera m\u00e1s all\u00e1 de las personas&#8221;, explica. Pero hoy, ese proyecto se enfrenta no solo a la patronal, sino a un clima nacional que parece criminalizar la organizaci\u00f3n colectiva.<\/p>\n\n\n\n<p>Un gremio en la encrucijada<\/p>\n\n\n\n<p>La cr\u00edtica de Pablo no se queda solo en el despacho presidencial de la Casa Rosada. Tambi\u00e9n apunta hacia adentro, hacia una estructura sindical que siente distante. Con la mirada puesta en la conducci\u00f3n de Roberto Fern\u00e1ndez en la UTA, el delegado reclama una reacci\u00f3n a la altura de las circunstancias.<\/p>\n\n\n\n<p>&#8220;Si nos est\u00e1n por meter una reforma que repercute en los derechos de todos, tendr\u00edamos que estar todos en Plaza de Mayo. Una movida federal, de todas las provincias&#8221;, reclama Pablo.<\/p>\n\n\n\n<p>Para \u00e9l, el cierre de la 148 es el resultado de una &#8220;tormenta perfecta&#8221;: un gobierno nacional que, seg\u00fan sus palabras, &#8220;no quiere la participaci\u00f3n de los trabajadores&#8221; y una dirigencia gremial que ha perdido la capacidad de convocatoria.&nbsp;<\/p>\n\n\n\n<p>&#8220;Cuando hay una reuni\u00f3n, somos poquitos&#8221;, lamenta, describiendo un gremio que se ha cerrado sobre s\u00ed mismo mientras el sector se desintegra.<\/p>\n\n\n\n<p>El futuro que no llega<\/p>\n\n\n\n<p>El panorama en Quilmes y Varela es desolador. Con las unidades de El Nuevo Halc\u00f3n juntando polvo y los trabajadores sin cobrar meses de sueldo, la incertidumbre es la \u00fanica pasajera frecuente.<\/p>\n\n\n\n<p>Pablo, a pesar de estar &#8220;agotado o pasado&#8221; por la situaci\u00f3n, intenta mantener la guardia alta. Su meta personal sigue siendo la misma: que quien venga despu\u00e9s sostenga la bandera de estar &#8220;24\/7 a disposici\u00f3n de los compa\u00f1eros&#8221;. Sin embargo, en la Argentina de 2026, donde el derecho al transporte y al trabajo digno parece haberse convertido en un lujo prescindible, el sue\u00f1o de Pablo se parece cada vez m\u00e1s a un acto de resistencia solitaria en una terminal vac\u00eda.<\/p>\n","protected":false},"excerpt":{"rendered":"<p>En el asfalto gastado de la zona sur, el silencio tiene un sonido particular. Es<\/p>\n","protected":false},"author":2,"featured_media":5575,"comment_status":"closed","ping_status":"","sticky":false,"template":"","format":"standard","meta":{"footnotes":""},"categories":[37,62,56],"tags":[],"class_list":["post-5576","post","type-post","status-publish","format-standard","has-post-thumbnail","hentry","category-destacados","category-quilmes","category-sociedad"],"_links":{"self":[{"href":"https:\/\/noticiascpb.com.ar\/index.php?rest_route=\/wp\/v2\/posts\/5576","targetHints":{"allow":["GET"]}}],"collection":[{"href":"https:\/\/noticiascpb.com.ar\/index.php?rest_route=\/wp\/v2\/posts"}],"about":[{"href":"https:\/\/noticiascpb.com.ar\/index.php?rest_route=\/wp\/v2\/types\/post"}],"author":[{"embeddable":true,"href":"https:\/\/noticiascpb.com.ar\/index.php?rest_route=\/wp\/v2\/users\/2"}],"replies":[{"embeddable":true,"href":"https:\/\/noticiascpb.com.ar\/index.php?rest_route=%2Fwp%2Fv2%2Fcomments&post=5576"}],"version-history":[{"count":1,"href":"https:\/\/noticiascpb.com.ar\/index.php?rest_route=\/wp\/v2\/posts\/5576\/revisions"}],"predecessor-version":[{"id":5577,"href":"https:\/\/noticiascpb.com.ar\/index.php?rest_route=\/wp\/v2\/posts\/5576\/revisions\/5577"}],"wp:featuredmedia":[{"embeddable":true,"href":"https:\/\/noticiascpb.com.ar\/index.php?rest_route=\/wp\/v2\/media\/5575"}],"wp:attachment":[{"href":"https:\/\/noticiascpb.com.ar\/index.php?rest_route=%2Fwp%2Fv2%2Fmedia&parent=5576"}],"wp:term":[{"taxonomy":"category","embeddable":true,"href":"https:\/\/noticiascpb.com.ar\/index.php?rest_route=%2Fwp%2Fv2%2Fcategories&post=5576"},{"taxonomy":"post_tag","embeddable":true,"href":"https:\/\/noticiascpb.com.ar\/index.php?rest_route=%2Fwp%2Fv2%2Ftags&post=5576"}],"curies":[{"name":"wp","href":"https:\/\/api.w.org\/{rel}","templated":true}]}}