{"id":5884,"date":"2026-04-28T19:09:43","date_gmt":"2026-04-28T22:09:43","guid":{"rendered":"https:\/\/noticiascpb.com.ar\/?p=5884"},"modified":"2026-04-28T19:09:44","modified_gmt":"2026-04-28T22:09:44","slug":"quilmes-inauguro-el-ecopunto-numero-16","status":"publish","type":"post","link":"https:\/\/noticiascpb.com.ar\/?p=5884","title":{"rendered":"Quilmes inaugur\u00f3 el Ecopunto n\u00famero 16"},"content":{"rendered":"\n<h3 class=\"wp-block-heading\">El nuevo espacio impulsa reciclaje y educaci\u00f3n ambiental local<\/h3>\n\n\n\n<p>El Municipio de Quilmes puso en funcionamiento este martes un nuevo Ecopunto, el 16\u00ba desde el inicio de la gesti\u00f3n de Mayra Mendoza, en el paseo Aldo Severi, ubicado en Guido y Lavalle, de Quilmes Centro, en un acto que cont\u00f3 con la participaci\u00f3n de la intendenta interina local, Eva Mieri, y estudiantes de las Escuelas Primarias N\u00ba 9 y N\u00ba 19.<\/p>\n\n\n\n<p>\u201cQuer\u00eda decirles gracias por comprometerse, por venir, por aprender, por escuchar. Y les voy a pedir un favor: que vayan a casa y les ense\u00f1en a sus familias a cuidar nuestra casa com\u00fan; para que todo Quilmes, que es nuestra casa, desde que empieza hasta que termina, est\u00e9 linda, limpia, y que todos tengamos una conciencia del cuidado del ambiente\u201d, se\u00f1al\u00f3 Eva, que estuvo acompa\u00f1ada por el secretario de Ambiente y Gesti\u00f3n Integral de Residuos S\u00f3lidos Urbanos (GIRSU), Roberto Gaudio.<\/p>\n\n\n\n<p>Por su parte, Gaudio asever\u00f3: \u201cEste Municipio no tiene la cuesti\u00f3n ambiental como algo discursivo, sino como una pol\u00edtica de Estado; hay muchas alternativas para separar residuos tanto para que vayan a los Ecopuntos o a cualquier ruta m\u00f3vil que nuestros cartoneros llevan adelante en los territorios. Tambi\u00e9n tenemos pol\u00edticas para sacar los voluminosos e insertarlos a la econom\u00eda circular. Tenemos una Comuna activa en ese sentido y es central el compromiso de cada vecino y vecina para esto\u201d.<\/p>\n\n\n\n<p>Este Ecopunto es el N\u00ba 16 instalado a lo largo y ancho del distrito desde que comenz\u00f3 la gesti\u00f3n de la intendenta Mayra Mendoza, y se realiz\u00f3 en una construcci\u00f3n ya existente de hormig\u00f3n, que se readecu\u00f3 para ese fin. Los mismos son espacios municipales donde se reciben y clasifican materiales reciclables limpios y secos, y cuentan con personal calificado que asesora a los vecinos y vecinas sobre la importancia de la separaci\u00f3n en origen y el reciclado.<\/p>\n\n\n\n<p>Los otros Ecopuntos fueron construidos con materiales sustentables provenientes del reciclado y poseen provisi\u00f3n de corriente el\u00e9ctrica mediante paneles solares y agua caliente mediante termotanque solar. Los materiales que se reciben en ellos son: papel cart\u00f3n; tetra brik; vidrio; pl\u00e1stico o metales.<\/p>\n\n\n\n<p>Durante la actividad hubo espacio para la realizaci\u00f3n de un taller de reciclado, adem\u00e1s de un stand institucional destinado a la difusi\u00f3n de material informativo y a la entrega de bolsas reutilizables y plantines. A su vez, los ni\u00f1os y ni\u00f1as de las escuelas realizaron dibujos en vistas a un mural que se realizar\u00e1 en el lugar pr\u00f3ximamente, y llevaron elementos reciclables para dejar en el Ecopunto.<\/p>\n\n\n\n<p>Participaron de la actividad el secretario de Servicios P\u00fablicos, Sebasti\u00e1n Garc\u00eda; el subsecretario de Ambiente, Dar\u00edo Ortiz\u00e1; su par de Educaci\u00f3n, Florencia Sierra; la directora de Educaci\u00f3n Ambiental, Adriana L\u00f3pez Leiva, y sus pares de la planta municipal de separaci\u00f3n y clasificaci\u00f3n de residuos del Complejo Socio Ambiental Eco Parque Quilmes, Gast\u00f3n Franzo; de la Base Regional Quilmes Centro, Diego Indycki, y de Pol\u00edticas Socioculturales, Leandro Cepeda, entre otros funcionarios.<\/p>\n","protected":false},"excerpt":{"rendered":"<p>El nuevo espacio impulsa reciclaje y educaci\u00f3n ambiental local El Municipio de Quilmes puso en<\/p>\n","protected":false},"author":1,"featured_media":5885,"comment_status":"closed","ping_status":"closed","sticky":false,"template":"","format":"standard","meta":{"footnotes":""},"categories":[3],"tags":[],"class_list":["post-5884","post","type-post","status-publish","format-standard","has-post-thumbnail","hentry","category-slider"],"_links":{"self":[{"href":"https:\/\/noticiascpb.com.ar\/index.php?rest_route=\/wp\/v2\/posts\/5884","targetHints":{"allow":["GET"]}}],"collection":[{"href":"https:\/\/noticiascpb.com.ar\/index.php?rest_route=\/wp\/v2\/posts"}],"about":[{"href":"https:\/\/noticiascpb.com.ar\/index.php?rest_route=\/wp\/v2\/types\/post"}],"author":[{"embeddable":true,"href":"https:\/\/noticiascpb.com.ar\/index.php?rest_route=\/wp\/v2\/users\/1"}],"replies":[{"embeddable":true,"href":"https:\/\/noticiascpb.com.ar\/index.php?rest_route=%2Fwp%2Fv2%2Fcomments&post=5884"}],"version-history":[{"count":1,"href":"https:\/\/noticiascpb.com.ar\/index.php?rest_route=\/wp\/v2\/posts\/5884\/revisions"}],"predecessor-version":[{"id":5886,"href":"https:\/\/noticiascpb.com.ar\/index.php?rest_route=\/wp\/v2\/posts\/5884\/revisions\/5886"}],"wp:featuredmedia":[{"embeddable":true,"href":"https:\/\/noticiascpb.com.ar\/index.php?rest_route=\/wp\/v2\/media\/5885"}],"wp:attachment":[{"href":"https:\/\/noticiascpb.com.ar\/index.php?rest_route=%2Fwp%2Fv2%2Fmedia&parent=5884"}],"wp:term":[{"taxonomy":"category","embeddable":true,"href":"https:\/\/noticiascpb.com.ar\/index.php?rest_route=%2Fwp%2Fv2%2Fcategories&post=5884"},{"taxonomy":"post_tag","embeddable":true,"href":"https:\/\/noticiascpb.com.ar\/index.php?rest_route=%2Fwp%2Fv2%2Ftags&post=5884"}],"curies":[{"name":"wp","href":"https:\/\/api.w.org\/{rel}","templated":true}]}}